{"id":39,"date":"2022-01-30T22:29:26","date_gmt":"2022-01-30T21:29:26","guid":{"rendered":"http:\/\/thespringfieldproject.se\/?p=39"},"modified":"2022-01-30T22:51:04","modified_gmt":"2022-01-30T21:51:04","slug":"hur-ett-extraljus-paket-forbattrade-mitt-helljus","status":"publish","type":"post","link":"http:\/\/thespringfieldproject.se\/?p=39","title":{"rendered":"Hur ett extraljus paket f\u00f6rb\u00e4ttrade mitt helljus"},"content":{"rendered":"<p>Jag anser mig inte vara n\u00e5gon expert p\u00e5 extraljus men en hel del erfarenhet har jag \u00e4nd\u00e5 samlat p\u00e5 mig denna m\u00e5nad. Jag k\u00f6r en Jeep fr\u00e5n 2015 och var inte s\u00e5 n\u00f6jd med ljuset (f\u00f6ga f\u00f6rv\u00e5nande f\u00f6r en Jeep \u00e4gare kan man tycka). Halvljuset bytte jag tidigare ut till xenon medan helljuset i princip motsvarat mitt gamla halvljus. Jag k\u00e4nde mig tvingad att ta till drastiska metoder i brist p\u00e5 alternativ och monterade runda extraljus fr\u00e5n IPF med v\u00e4rmelins. Att s\u00e4ga att jag \u00e4r n\u00f6jd \u00e4r en underdrift, skillnaden vad betydligt st\u00f6rre \u00e4n vad jag hade f\u00f6rv\u00e4ntat mig. Det enda jag \u00e5ngrade n\u00e4r jag slog p\u00e5 extraljusen var att jag inte skaffade ett <a href=\"https:\/\/ljusgiganten.se\/extraljus-paket\">extraljus paket<\/a> samtidigt som bilen k\u00f6ptes. Jag rekommenderar att man satsar p\u00e5 ett extraljus paket med kompletta tillbeh\u00f6r och i mitt fall f\u00f6ll valet p\u00e5 Ljusgiganten, en \u00e5terf\u00f6rs\u00e4ljare som jag handlat fr\u00e5n m\u00e5nga g\u00e5nger tidigare med enbart positiva erfarenheter.<\/p>\n<p>Att vi fortfarande k\u00f6r runt i bilar med d\u00e5ligt helljus \u00e4r of\u00f6rklarligt n\u00e4r tekniken finns i form av moderna <a href=\"https:\/\/ljusgiganten.se\/led-stralkastare\">led str\u00e5lkastare<\/a> som numera monteras p\u00e5 b\u00e5de fordon, vid v\u00e4gar och p\u00e5 fastigheter. Led str\u00e5lkastare har i princip fasat ut halogenlampanoch det finns inga starka argument f\u00f6r att inte fasa ut halogenet \u00e4ven f\u00f6r \u00e4ldre bilmodeller. Att inf\u00f6ra lagkrav s\u00e5 att alla \u00e4ldre bilar tvingas anv\u00e4nda led eller xenon vore inte s\u00e5 dumt faktiskt. Jag f\u00f6rst\u00e5r att detta \u00e4r en kostnadsfr\u00e5ga men trafiks\u00e4kerhet b\u00f6r prioriteras f\u00f6re den ekonomiska biten.<\/p>\n","protected":false},"excerpt":{"rendered":"<p>Jag anser mig inte vara n\u00e5gon expert p\u00e5 extraljus men en hel del erfarenhet har jag \u00e4nd\u00e5 samlat p\u00e5 mig denna m\u00e5nad. Jag k\u00f6r en Jeep fr\u00e5n 2015 och var inte s\u00e5 n\u00f6jd med ljuset (f\u00f6ga f\u00f6rv\u00e5nande f\u00f6r en Jeep \u00e4gare kan man tycka). Halvljuset bytte jag tidigare ut till xenon medan helljuset i princip [&hellip;]<\/p>\n","protected":false},"author":1,"featured_media":43,"comment_status":"closed","ping_status":"open","sticky":false,"template":"","format":"standard","meta":{"footnotes":""},"categories":[4],"tags":[],"class_list":["post-39","post","type-post","status-publish","format-standard","has-post-thumbnail","hentry","category-helljus"],"_links":{"self":[{"href":"http:\/\/thespringfieldproject.se\/index.php?rest_route=\/wp\/v2\/posts\/39","targetHints":{"allow":["GET"]}}],"collection":[{"href":"http:\/\/thespringfieldproject.se\/index.php?rest_route=\/wp\/v2\/posts"}],"about":[{"href":"http:\/\/thespringfieldproject.se\/index.php?rest_route=\/wp\/v2\/types\/post"}],"author":[{"embeddable":true,"href":"http:\/\/thespringfieldproject.se\/index.php?rest_route=\/wp\/v2\/users\/1"}],"replies":[{"embeddable":true,"href":"http:\/\/thespringfieldproject.se\/index.php?rest_route=%2Fwp%2Fv2%2Fcomments&post=39"}],"version-history":[{"count":6,"href":"http:\/\/thespringfieldproject.se\/index.php?rest_route=\/wp\/v2\/posts\/39\/revisions"}],"predecessor-version":[{"id":53,"href":"http:\/\/thespringfieldproject.se\/index.php?rest_route=\/wp\/v2\/posts\/39\/revisions\/53"}],"wp:featuredmedia":[{"embeddable":true,"href":"http:\/\/thespringfieldproject.se\/index.php?rest_route=\/wp\/v2\/media\/43"}],"wp:attachment":[{"href":"http:\/\/thespringfieldproject.se\/index.php?rest_route=%2Fwp%2Fv2%2Fmedia&parent=39"}],"wp:term":[{"taxonomy":"category","embeddable":true,"href":"http:\/\/thespringfieldproject.se\/index.php?rest_route=%2Fwp%2Fv2%2Fcategories&post=39"},{"taxonomy":"post_tag","embeddable":true,"href":"http:\/\/thespringfieldproject.se\/index.php?rest_route=%2Fwp%2Fv2%2Ftags&post=39"}],"curies":[{"name":"wp","href":"https:\/\/api.w.org\/{rel}","templated":true}]}}